{"id":703,"date":"2020-06-23T16:21:53","date_gmt":"2020-06-23T14:21:53","guid":{"rendered":"http:\/\/www.bertola.ch\/site\/?p=703"},"modified":"2020-06-23T16:24:15","modified_gmt":"2020-06-23T14:24:15","slug":"nouveau-chantier-ecrin-de-la-tour-la-tour-de-peilz","status":"publish","type":"post","link":"http:\/\/www.bertola.ch\/site\/nouveau-chantier-ecrin-de-la-tour-la-tour-de-peilz\/","title":{"rendered":"Nouveau chantier &#8211; Ecrin de la Tour &#8211; La Tour-de-Peilz"},"content":{"rendered":"\n<figure class=\"wp-block-image size-large\"><img fetchpriority=\"high\" decoding=\"async\" width=\"1024\" height=\"420\" src=\"https:\/\/www.bertola.ch\/site\/wp-content\/uploads\/2020\/06\/ecrin-de-la-tour-1024x420.png\" alt=\"\" class=\"wp-image-704\" srcset=\"http:\/\/www.bertola.ch\/site\/wp-content\/uploads\/2020\/06\/ecrin-de-la-tour-1024x420.png 1024w, http:\/\/www.bertola.ch\/site\/wp-content\/uploads\/2020\/06\/ecrin-de-la-tour-300x123.png 300w, http:\/\/www.bertola.ch\/site\/wp-content\/uploads\/2020\/06\/ecrin-de-la-tour-768x315.png 768w, http:\/\/www.bertola.ch\/site\/wp-content\/uploads\/2020\/06\/ecrin-de-la-tour-1536x631.png 1536w, http:\/\/www.bertola.ch\/site\/wp-content\/uploads\/2020\/06\/ecrin-de-la-tour.png 1895w\" sizes=\"(max-width: 1024px) 100vw, 1024px\" \/><\/figure>\n\n\n\n<p>Une ode aux espaces verts et \u00e0 l\u2019\u00e9l\u00e9gance en plein c\u0153ur de La Tour-de-Peilz, sur une parcelle de 5\u2019000 m<sup>2<\/sup>. L\u2019\u00c9crin de La Tour invite au bonheur, ses 70 appartements de qualit\u00e9 (du studio au 5 pi\u00e8ces) et ses deux immeubles aux lignes fluides, contemporaines et \u00e9pur\u00e9es avec son grand parc arboris\u00e9 dessin\u00e9 par notre architecte paysagiste. Les espaces communs seront agr\u00e9ment\u00e9s d\u2019un nombre important d\u2019arbre \u00e0 haute tige.<\/p>\n\n\n\n<p>Plus d&rsquo;information sur: <a href=\"https:\/\/ecrindelatour.ch\/\" target=\"_blank\" rel=\"noreferrer noopener\">https:\/\/ecrindelatour.ch\/<\/a><\/p>\n","protected":false},"excerpt":{"rendered":"<p>Une ode aux espaces verts et \u00e0 l\u2019\u00e9l\u00e9gance en plein c\u0153ur de La Tour-de-Peilz, sur une parcelle de 5\u2019000 m2. L\u2019\u00c9crin de La Tour invite au bonheur, ses 70 appartements de qualit\u00e9 (du studio au 5 pi\u00e8ces) et ses deux immeubles aux lignes fluides, contemporaines et \u00e9pur\u00e9es avec son grand parc arboris\u00e9 dessin\u00e9 par notre [&hellip;]<\/p>\n","protected":false},"author":1,"featured_media":706,"comment_status":"closed","ping_status":"open","sticky":false,"template":"","format":"standard","meta":{"om_disable_all_campaigns":false,"_monsterinsights_skip_tracking":false,"_monsterinsights_sitenote_active":false,"_monsterinsights_sitenote_note":"","_monsterinsights_sitenote_category":0,"footnotes":"","_jetpack_memberships_contains_paid_content":false,"jetpack_publicize_message":"","jetpack_publicize_feature_enabled":true,"jetpack_social_post_already_shared":true,"jetpack_social_options":{"image_generator_settings":{"template":"highway","enabled":false}}},"categories":[1],"tags":[],"jetpack_publicize_connections":[],"aioseo_notices":[],"jetpack_sharing_enabled":true,"jetpack_featured_media_url":"http:\/\/www.bertola.ch\/site\/wp-content\/uploads\/2020\/06\/ext02_night.jpg","_links":{"self":[{"href":"http:\/\/www.bertola.ch\/site\/wp-json\/wp\/v2\/posts\/703"}],"collection":[{"href":"http:\/\/www.bertola.ch\/site\/wp-json\/wp\/v2\/posts"}],"about":[{"href":"http:\/\/www.bertola.ch\/site\/wp-json\/wp\/v2\/types\/post"}],"author":[{"embeddable":true,"href":"http:\/\/www.bertola.ch\/site\/wp-json\/wp\/v2\/users\/1"}],"replies":[{"embeddable":true,"href":"http:\/\/www.bertola.ch\/site\/wp-json\/wp\/v2\/comments?post=703"}],"version-history":[{"count":2,"href":"http:\/\/www.bertola.ch\/site\/wp-json\/wp\/v2\/posts\/703\/revisions"}],"predecessor-version":[{"id":708,"href":"http:\/\/www.bertola.ch\/site\/wp-json\/wp\/v2\/posts\/703\/revisions\/708"}],"wp:featuredmedia":[{"embeddable":true,"href":"http:\/\/www.bertola.ch\/site\/wp-json\/wp\/v2\/media\/706"}],"wp:attachment":[{"href":"http:\/\/www.bertola.ch\/site\/wp-json\/wp\/v2\/media?parent=703"}],"wp:term":[{"taxonomy":"category","embeddable":true,"href":"http:\/\/www.bertola.ch\/site\/wp-json\/wp\/v2\/categories?post=703"},{"taxonomy":"post_tag","embeddable":true,"href":"http:\/\/www.bertola.ch\/site\/wp-json\/wp\/v2\/tags?post=703"}],"curies":[{"name":"wp","href":"https:\/\/api.w.org\/{rel}","templated":true}]}}