{"id":301,"date":"2017-03-29T09:25:50","date_gmt":"2017-03-29T07:25:50","guid":{"rendered":"http:\/\/www.bertola.ch\/site\/?p=301"},"modified":"2017-03-30T13:26:16","modified_gmt":"2017-03-30T11:26:16","slug":"promotion-cossonay-residence-vue-des-alpes","status":"publish","type":"post","link":"https:\/\/www.bertola.ch\/site\/promotion-cossonay-residence-vue-des-alpes\/","title":{"rendered":"PROMOTION &#8211; Cossonay &#8211; R\u00e9sidence Vue des Alpes"},"content":{"rendered":"<p>Nouvelle promotion \u00e0 Cossonay, La R\u00e9sidence Vue des Alpes. Cette derni\u00e8re propose 13 beaux appartements de 2.5, 3.5 et 4.5 pces dans un quartier calme et proche des commodit\u00e9s.<\/p>\n<p>T\u00e9l\u00e9charger la plaquette de la vente en cliquant sur l&rsquo;image ci-dessous.<\/p>\n<p><a href=\"http:\/\/www.alvazzi-immobilier.ch\/fileadmin\/user_upload\/pdf\/Plaquette-Cossonay.pdf\" xlink=\"href\"><img decoding=\"async\" class=\"aligncenter\" src=\"http:\/\/www.alvazzi-immobilier.ch\/fileadmin\/user_upload\/Plaquette-Cossonay.jpg\" \/><\/a><\/p>\n","protected":false},"excerpt":{"rendered":"<p>Nouvelle promotion \u00e0 Cossonay, La R\u00e9sidence Vue des Alpes. Cette derni\u00e8re propose 13 beaux appartements de 2.5, 3.5 et 4.5 pces dans un quartier calme et proche des commodit\u00e9s. T\u00e9l\u00e9charger la plaquette de la vente en cliquant sur l&rsquo;image ci-dessous.<\/p>\n","protected":false},"author":1,"featured_media":337,"comment_status":"closed","ping_status":"open","sticky":false,"template":"","format":"standard","meta":{"om_disable_all_campaigns":false,"_monsterinsights_skip_tracking":false,"_monsterinsights_sitenote_active":false,"_monsterinsights_sitenote_note":"","_monsterinsights_sitenote_category":0,"footnotes":"","_jetpack_memberships_contains_paid_content":false,"jetpack_publicize_message":"","jetpack_publicize_feature_enabled":true,"jetpack_social_post_already_shared":true,"jetpack_social_options":{"image_generator_settings":{"template":"highway","enabled":false}}},"categories":[1],"tags":[],"jetpack_publicize_connections":[],"aioseo_notices":[],"jetpack_sharing_enabled":true,"jetpack_featured_media_url":"https:\/\/www.bertola.ch\/site\/wp-content\/uploads\/2017\/03\/Vue-des-Alpes-page-accueil-1.jpg","_links":{"self":[{"href":"https:\/\/www.bertola.ch\/site\/wp-json\/wp\/v2\/posts\/301"}],"collection":[{"href":"https:\/\/www.bertola.ch\/site\/wp-json\/wp\/v2\/posts"}],"about":[{"href":"https:\/\/www.bertola.ch\/site\/wp-json\/wp\/v2\/types\/post"}],"author":[{"embeddable":true,"href":"https:\/\/www.bertola.ch\/site\/wp-json\/wp\/v2\/users\/1"}],"replies":[{"embeddable":true,"href":"https:\/\/www.bertola.ch\/site\/wp-json\/wp\/v2\/comments?post=301"}],"version-history":[{"count":4,"href":"https:\/\/www.bertola.ch\/site\/wp-json\/wp\/v2\/posts\/301\/revisions"}],"predecessor-version":[{"id":339,"href":"https:\/\/www.bertola.ch\/site\/wp-json\/wp\/v2\/posts\/301\/revisions\/339"}],"wp:featuredmedia":[{"embeddable":true,"href":"https:\/\/www.bertola.ch\/site\/wp-json\/wp\/v2\/media\/337"}],"wp:attachment":[{"href":"https:\/\/www.bertola.ch\/site\/wp-json\/wp\/v2\/media?parent=301"}],"wp:term":[{"taxonomy":"category","embeddable":true,"href":"https:\/\/www.bertola.ch\/site\/wp-json\/wp\/v2\/categories?post=301"},{"taxonomy":"post_tag","embeddable":true,"href":"https:\/\/www.bertola.ch\/site\/wp-json\/wp\/v2\/tags?post=301"}],"curies":[{"name":"wp","href":"https:\/\/api.w.org\/{rel}","templated":true}]}}